{"id":411,"date":"2024-07-10T11:05:40","date_gmt":"2024-07-10T09:05:40","guid":{"rendered":"https:\/\/niwki.rcre.opolskie.pl\/wp\/?p=411"},"modified":"2024-07-10T11:07:15","modified_gmt":"2024-07-10T09:07:15","slug":"program-niwki-2024-oferta","status":"publish","type":"post","link":"https:\/\/niwki.rcre.opolskie.pl\/wp\/program-niwki-2024-oferta\/","title":{"rendered":"Program Niwki 2024 \u2013 oferta"},"content":{"rendered":"<p><span style=\"color: #008000;\">I OBSZAR<\/span><br \/>\n<span style=\"color: #008000;\">OFERTA DOSKONALENIA DLA NAUCZYCIELI PLAC\u00d3WEK O\u015aWIATOWYCH NA WSZYSTKICH ETAPACH EDUKACYJNYCH<\/span><\/p>\n<p><span style=\"color: #0000ff;\">Cykl I Nauczanie j\u0119zyka mniejszo\u015bci narodowej<\/span><br \/>\nBloki tematyczne:<br \/>\n1. Z ksi\u0105\u017ck\u0105 za pan brat ju\u017c od najm\u0142odszych lat<br \/>\n2. \u015awiadomo\u015b\u0107 kulturowa i to\u017csamo\u015b\u0107: historia i kultura w pigu\u0142ce<br \/>\n3. Aktywne metody na lekcji j\u0119zyka mniejszo\u015bci: poznaj\u0119 j\u0119zyk poprzez gry, piosenki, prace manualne i nie tylko<br \/>\n4. Rozwijanie umiej\u0119tno\u015bci komunikacyjnych<br \/>\n<span style=\"color: #0000ff;\">Cykl II Metodyka nauczania j\u0119zyka niemieckiego<\/span><br \/>\nBloki tematyczne:<br \/>\n1. Ekspresowo po metodach \u2013 zaplanuj dobrze swoj\u0105 lekcj\u0119<br \/>\n2. Onlinowy narz\u0119dziownik nauczyciela j\u0119zyka niemieckiego<br \/>\n3. Wok\u00f3\u0142 jednego tematu na j\u0119zyku niemieckim \u2013 pracujemy projektowo<br \/>\n4. Kompetencje j\u0119zykowe bez tajemnic<br \/>\n<span style=\"color: #0000ff;\">Cykl III Rozw\u00f3j osobisty nauczyciela j\u0119zyka niemieckiego<\/span><br \/>\nBloki tematyczne:<br \/>\n1. Mam t\u0119 moc \u2013 umiej\u0119tno\u015bci interpersonalne w pracy nauczyciela<br \/>\n2. Dobrostan nauczyciela to dobrostan ucznia<br \/>\n3. Tw\u00f3rczo i terapeutycznie<br \/>\n<span style=\"color: #0000ff;\">Cykl IV Edukacja regionalna i wielokulturowa<\/span><br \/>\nBloki tematyczne:<br \/>\n1. Nowoczesna edukacja regionalna poza budynkiem szko\u0142y<br \/>\n2. Znam swoje korzenie \u2013 odkrywanie i piel\u0119gnowanie dziedzictwa<br \/>\n3. My\u015blenie krytyczne w edukacji regionalnej<br \/>\n<span style=\"color: #0000ff;\">Cykl V Wsp\u00f3\u0142praca polsko-niemiecka<\/span><br \/>\nWyzwanie: \u201eOd Ciebie do nas\u201d \u2013 transgraniczny projekt szkoleniowy dla nauczycieli w zakresie edukacji na rzecz kultury demokratycznej. Cykl szkole\u0144 sk\u0142ada si\u0119 z 3 wsp\u00f3lnych wydarze\u0144 roz\u0142o\u017conych na 18 miesi\u0119cy. Pomi\u0119dzy spotkaniami stacjonarnymi zaplanowano spotkania online dla grupy z Polski.<\/p>\n<p><span style=\"color: #008000;\">II OBSZAR<\/span><br \/>\n<span style=\"color: #008000;\">ORGANIZACJA NAUCZANIA J\u0118ZYKA NIEMIECKIEGO<\/span><br \/>\n<span style=\"color: #008000;\">(JAKO J\u0118ZYKA MNIEJSZO\u015aCI NARODOWEJ I J\u0118ZYKA OBCEGO)<\/span><\/p>\n<p>1. Inauguracja Programu Niwki 2024<br \/>\n2. J\u0119zyk mniejszo\u015bci narodowej zgodnie z aktualnymi aktami prawnymi<br \/>\n3. Sie\u0107 wsp\u00f3\u0142pracy nauczycieli j\u0119zyka mniejszo\u015bci narodowej (programowanie pracy dydaktycznej, wymiana do\u015bwiadcze\u0144, opracowanie materia\u0142\u00f3w dydaktycznych)<br \/>\n4. Forum germanisty (promocja j\u0119zyka niemieckiego, jako\u015b\u0107 edukacji j\u0119zykowej, ocenianie, praca z uczniem z trudno\u015bciami w nauce)<\/p>\n","protected":false},"excerpt":{"rendered":"<p>I OBSZAR OFERTA DOSKONALENIA DLA NAUCZYCIELI PLAC\u00d3WEK O\u015aWIATOWYCH NA WSZYSTKICH ETAPACH EDUKACYJNYCH Cykl I Nauczanie j\u0119zyka mniejszo\u015bci narodowej Bloki tematyczne: 1. Z ksi\u0105\u017ck\u0105 za pan brat ju\u017c od najm\u0142odszych lat 2. \u015awiadomo\u015b\u0107 kulturowa i to\u017csamo\u015b\u0107: historia i kultura w pigu\u0142ce 3. Aktywne metody na lekcji j\u0119zyka mniejszo\u015bci: poznaj\u0119 j\u0119zyk poprzez gry, piosenki, prace manualne i [&hellip;]<\/p>\n","protected":false},"author":1,"featured_media":0,"comment_status":"closed","ping_status":"closed","sticky":false,"template":"","format":"standard","meta":{"footnotes":""},"categories":[4],"tags":[],"class_list":["post-411","post","type-post","status-publish","format-standard","hentry","category-aktualnosci"],"_links":{"self":[{"href":"https:\/\/niwki.rcre.opolskie.pl\/wp\/wp-json\/wp\/v2\/posts\/411","targetHints":{"allow":["GET"]}}],"collection":[{"href":"https:\/\/niwki.rcre.opolskie.pl\/wp\/wp-json\/wp\/v2\/posts"}],"about":[{"href":"https:\/\/niwki.rcre.opolskie.pl\/wp\/wp-json\/wp\/v2\/types\/post"}],"author":[{"embeddable":true,"href":"https:\/\/niwki.rcre.opolskie.pl\/wp\/wp-json\/wp\/v2\/users\/1"}],"replies":[{"embeddable":true,"href":"https:\/\/niwki.rcre.opolskie.pl\/wp\/wp-json\/wp\/v2\/comments?post=411"}],"version-history":[{"count":3,"href":"https:\/\/niwki.rcre.opolskie.pl\/wp\/wp-json\/wp\/v2\/posts\/411\/revisions"}],"predecessor-version":[{"id":414,"href":"https:\/\/niwki.rcre.opolskie.pl\/wp\/wp-json\/wp\/v2\/posts\/411\/revisions\/414"}],"wp:attachment":[{"href":"https:\/\/niwki.rcre.opolskie.pl\/wp\/wp-json\/wp\/v2\/media?parent=411"}],"wp:term":[{"taxonomy":"category","embeddable":true,"href":"https:\/\/niwki.rcre.opolskie.pl\/wp\/wp-json\/wp\/v2\/categories?post=411"},{"taxonomy":"post_tag","embeddable":true,"href":"https:\/\/niwki.rcre.opolskie.pl\/wp\/wp-json\/wp\/v2\/tags?post=411"}],"curies":[{"name":"wp","href":"https:\/\/api.w.org\/{rel}","templated":true}]}}